{"id":36305,"date":"2026-02-24T14:46:18","date_gmt":"2026-02-24T13:46:18","guid":{"rendered":"https:\/\/www.osmoze.fr\/?p=36305"},"modified":"2026-02-25T10:22:41","modified_gmt":"2026-02-25T09:22:41","slug":"fresque-mediatheque-vinay-38-decoration-murale","status":"publish","type":"post","link":"https:\/\/www.osmoze.fr\/de\/fresque-mediatheque-vinay-38-decoration-murale\/","title":{"rendered":"Osmoze signe l\u2019identit\u00e9 visuelle d&#8217;une nouvelle m\u00e9diath\u00e8que pr\u00e8s de Grenoble"},"content":{"rendered":"\n<div style=\"height:29px\" aria-hidden=\"true\" class=\"wp-block-spacer\"><\/div>\n\n\n\n<h3 class=\"wp-block-heading\" id=\"m\"><strong>Informations sur la r\u00e9habilitation du b\u00e2timent : Ma\u00eetre d&#8217;ouvrage : Saint-Marcellin Vercors Is\u00e8re Communaut\u00e9  \/  Ma\u00eetre d&#8217;oeuvre : Arcane Architectes  \/  Superficie : 830 m\u00b2 sur trois niveaux<\/strong><\/h3>\n\n\n\n<div style=\"height:77px\" aria-hidden=\"true\" class=\"wp-block-spacer\"><\/div>\n\n\n\n<p>\u00c0 Vinay, en Is\u00e8re (38), l\u2019ancienne caserne de pompier a entam\u00e9 une nouvelle vie. Transform\u00e9e en m\u00e9diath\u00e8que, elle s\u2019impose aujourd\u2019hui comme un lieu de rencontre et d\u2019\u00e9change, pens\u00e9 pour rassembler les habitants autour de la culture, du partage et du bien-\u00eatre.<\/p>\n\n\n\n<div style=\"height:34px\" aria-hidden=\"true\" class=\"wp-block-spacer\"><\/div>\n\n\n\n<figure class=\"wp-block-image size-full\"><img loading=\"lazy\" decoding=\"async\" width=\"11634\" height=\"8708\" src=\"https:\/\/www.osmoze.fr\/wp-content\/uploads\/2026\/02\/IMG_20260219_122309.jpg\" alt=\"Vitrophanie d&#039;accueil \u00e0 l&#039;entr\u00e9e de la m\u00e9diath\u00e8que - message de bienvenue et d\u00e9coration v\u00e9g\u00e9tale et animali\u00e8re \" class=\"wp-image-36325\" title=\"\"><figcaption class=\"wp-element-caption\">Vitrophanie d&#8217;entr\u00e9e &#8211; Accueil de la m\u00e9diath\u00e8que <\/figcaption><\/figure>\n\n\n\n<figure class=\"wp-block-image size-full\"><img loading=\"lazy\" decoding=\"async\" width=\"12032\" height=\"8885\" src=\"https:\/\/www.osmoze.fr\/wp-content\/uploads\/2026\/02\/IMG_20260219_122116.jpg\" alt=\"Plaque de plexiglass - \u00e9l\u00e9ment de signal\u00e9tique pour les rayons de livres - naming des all\u00e9es \" class=\"wp-image-36312\" title=\"\"><\/figure>\n\n\n\n<div style=\"height:87px\" aria-hidden=\"true\" class=\"wp-block-spacer\"><\/div>\n\n\n\n<p>La volont\u00e9 de notre client \u00e9tait claire : accompagner le nouveau style architectural mis en place lors de la refonte des espaces pour faire du b\u00e2timent un lieu chaleureux, vecteur de lien social.<\/p>\n\n\n\n<p>L\u2019ambition n\u2019\u00e9tait pas simplement d\u00e9corative. L&#8217;id\u00e9e \u00e9tait bien de cr\u00e9er une identit\u00e9 unique \u00e0 la m\u00e9diath\u00e8que.<\/p>\n\n\n\n<div style=\"height:52px\" aria-hidden=\"true\" class=\"wp-block-spacer\"><\/div>\n\n\n\n<figure class=\"wp-block-image size-full\"><img loading=\"lazy\" decoding=\"async\" width=\"12032\" height=\"8534\" src=\"https:\/\/www.osmoze.fr\/wp-content\/uploads\/2026\/02\/IMG_20260219_123004.jpg\" alt=\"D\u00e9coration murale et signal\u00e9tique de rayonnage pour les livres jeunesse - d\u00e9coration v\u00e9g\u00e9talis\u00e9e - oiseaux - papillons - mains - fleurs - montgolfi\u00e8re \" class=\"wp-image-36315\" title=\"\"><\/figure>\n\n\n\n<div style=\"height:54px\" aria-hidden=\"true\" class=\"wp-block-spacer\"><\/div>\n\n\n\n<p>L\u2019architecture int\u00e9rieure s\u2019appuie sur une palette douce de blancs, de beiges et de bois. Osmoze vient apporter de l\u00e9g\u00e8res touches contrastantes color\u00e9es pour capter le regard, sans jamais basculer dans une identit\u00e9 trop \u201c<em>pop<\/em>\u201d.<\/p>\n\n\n\n<div style=\"height:64px\" aria-hidden=\"true\" class=\"wp-block-spacer\"><\/div>\n\n\n\n<figure class=\"wp-block-image size-full\"><img loading=\"lazy\" decoding=\"async\" width=\"12032\" height=\"8516\" src=\"https:\/\/www.osmoze.fr\/wp-content\/uploads\/2026\/02\/IMG_20260219_122146.jpg\" alt=\"Vue en hauteur de la m\u00e9diath\u00e8que de Vinay - espace culturel avec d\u00e9coration murale et \u00e9l\u00e9ments de signal\u00e9tique de rayonnage \" class=\"wp-image-36318\" title=\"\"><\/figure>\n\n\n\n<figure class=\"wp-block-image size-full\"><img loading=\"lazy\" decoding=\"async\" width=\"12032\" height=\"9024\" src=\"https:\/\/www.osmoze.fr\/wp-content\/uploads\/2026\/02\/IMG_20260219_110103.jpg\" alt=\"Espace de la m\u00e9diath\u00e8que d\u00e9di\u00e9 aux jeux vid\u00e9o - vitrophanie d\u00e9corative manette de jeu - plantes \" class=\"wp-image-36349\" title=\"\"><\/figure>\n\n\n\n<div style=\"height:78px\" aria-hidden=\"true\" class=\"wp-block-spacer\"><\/div>\n\n\n\n<h2 class=\"wp-block-heading\" id=\"des-espaces-qui-racontent-une-histoire\">Notre intervention :<\/h2>\n\n\n\n<p>Les fresques murales, d\u00e9ploy\u00e9es du RDC au R+2, la vitrophanie \u00e0 l\u2019entr\u00e9e et sur les vitrages ainsi que les plaques en plexiglass d\u00e9di\u00e9es \u00e0 la signal\u00e9tique ont \u00e9t\u00e9 con\u00e7ues comme un ensemble parfaitement coh\u00e9rent. <strong><em>L\u2019objectif : cr\u00e9er une harmonie pour l&#8217;ensemble du b\u00e2timent<\/em><\/strong>.<\/p>\n\n\n\n<div style=\"height:59px\" aria-hidden=\"true\" class=\"wp-block-spacer\"><\/div>\n\n\n\n<figure class=\"wp-block-image size-full\"><img loading=\"lazy\" decoding=\"async\" width=\"12032\" height=\"8692\" src=\"https:\/\/www.osmoze.fr\/wp-content\/uploads\/2026\/02\/IMG_20260218_133658.jpg\" alt=\"Grande fresque murale d\u00e9corative - m\u00e9lange de couleurs et repr\u00e9sentation de la faune et de la flore - papillon - h\u00e9risson - pissenlit\" class=\"wp-image-36336\" title=\"\"><\/figure>\n\n\n\n<figure class=\"wp-block-image size-large\"><img loading=\"lazy\" decoding=\"async\" width=\"1024\" height=\"750\" src=\"https:\/\/www.osmoze.fr\/wp-content\/uploads\/2026\/02\/Capture-decran-2026-02-24-a-12.07.05-copie-1024x750.png\" alt=\"D\u00e9coration murale de l&#039;espace bien-\u00eatre &quot;la cabane&quot; de la m\u00e9diath\u00e8que de Vinay - souris - plantes\" class=\"wp-image-36362\" title=\"\" srcset=\"https:\/\/www.osmoze.fr\/wp-content\/uploads\/2026\/02\/Capture-decran-2026-02-24-a-12.07.05-copie-1024x750.png 1024w, https:\/\/www.osmoze.fr\/wp-content\/uploads\/2026\/02\/Capture-decran-2026-02-24-a-12.07.05-copie-300x220.png 300w, https:\/\/www.osmoze.fr\/wp-content\/uploads\/2026\/02\/Capture-decran-2026-02-24-a-12.07.05-copie-768x563.png 768w, https:\/\/www.osmoze.fr\/wp-content\/uploads\/2026\/02\/Capture-decran-2026-02-24-a-12.07.05-copie-1536x1126.png 1536w, https:\/\/www.osmoze.fr\/wp-content\/uploads\/2026\/02\/Capture-decran-2026-02-24-a-12.07.05-copie-2048x1501.png 2048w\" sizes=\"auto, (max-width: 1024px) 100vw, 1024px\" \/><\/figure>\n\n\n\n<figure class=\"wp-block-image size-large\"><img loading=\"lazy\" decoding=\"async\" width=\"1024\" height=\"727\" src=\"https:\/\/www.osmoze.fr\/wp-content\/uploads\/2026\/02\/IMG_20260217_130502111-1-1024x727.jpg\" alt=\"Fresque murale - faune sauvage - personnage - v\u00e9g\u00e9tation \" class=\"wp-image-36381\" title=\"\" srcset=\"https:\/\/www.osmoze.fr\/wp-content\/uploads\/2026\/02\/IMG_20260217_130502111-1-1024x727.jpg 1024w, https:\/\/www.osmoze.fr\/wp-content\/uploads\/2026\/02\/IMG_20260217_130502111-1-300x213.jpg 300w, https:\/\/www.osmoze.fr\/wp-content\/uploads\/2026\/02\/IMG_20260217_130502111-1-768x545.jpg 768w, https:\/\/www.osmoze.fr\/wp-content\/uploads\/2026\/02\/IMG_20260217_130502111-1-1536x1090.jpg 1536w, https:\/\/www.osmoze.fr\/wp-content\/uploads\/2026\/02\/IMG_20260217_130502111-1-2048x1454.jpg 2048w\" sizes=\"auto, (max-width: 1024px) 100vw, 1024px\" \/><\/figure>\n\n\n\n<div style=\"height:54px\" aria-hidden=\"true\" class=\"wp-block-spacer\"><\/div>\n\n\n\n<p>La d\u00e9coration se compose de v\u00e9g\u00e9taux, de petits animaux et de personnages qui se sont gliss\u00e9s dans les designs. Des mots et \u00e9l\u00e9ments graphiques viennent d\u00e9finir les diff\u00e9rents espaces de la m\u00e9diath\u00e8que : le projecteur de l&#8217;espace cin\u00e9ma, la manette pour l&#8217;espace d\u00e9di\u00e9 aux jeux vid\u00e9os, les notes musicales et les personnages qui dansent pour l&#8217;espace d\u00e9di\u00e9 \u00e0 la musique&#8230;<\/p>\n\n\n\n<p><\/p>\n\n\n\n<p>Les designers ont jou\u00e9 sur des diff\u00e9rences d&#8217;\u00e9chelles surprenantes entre des objets surdimensionn\u00e9s et des personnages miniatures. Des mains, des positions du corps, des jeux typographiques, des oiseaux et des montgolfi\u00e8res organisent un univers po\u00e9tique. <\/p>\n\n\n\n<div style=\"height:58px\" aria-hidden=\"true\" class=\"wp-block-spacer\"><\/div>\n\n\n\n<figure class=\"wp-block-image size-full\"><img loading=\"lazy\" decoding=\"async\" width=\"11742\" height=\"8590\" src=\"https:\/\/www.osmoze.fr\/wp-content\/uploads\/2026\/02\/IMG_20260218_133629-1.jpg\" alt=\"D\u00e9coration murale de la m\u00e9diath\u00e8que de Vinay - fresque qui se prolonge sur toute la longueur du mur - oiseaux - montgolfi\u00e8re \" class=\"wp-image-36328\" title=\"\"><\/figure>\n\n\n\n<figure class=\"wp-block-image size-full\"><img loading=\"lazy\" decoding=\"async\" width=\"8845\" height=\"12032\" src=\"https:\/\/www.osmoze.fr\/wp-content\/uploads\/2026\/02\/IMG_20260217_141934.jpg\" alt=\"Fresque d\u00e9corative pour l&#039;espace cin\u00e9ma de la m\u00e9diath\u00e8que - d\u00e9coration color\u00e9e \u00e9pur\u00e9e sur mur blanc - mains - escargot - personnage - plantes \" class=\"wp-image-36339\" title=\"\"><\/figure>\n\n\n\n<figure class=\"wp-block-image size-full\"><img loading=\"lazy\" decoding=\"async\" width=\"11807\" height=\"8374\" src=\"https:\/\/www.osmoze.fr\/wp-content\/uploads\/2026\/02\/IMG_20260219_122022.jpg\" alt=\"Signal\u00e9tique de rayonnage et fresque dans l&#039;espace de la m\u00e9diath\u00e8que destin\u00e9 au cin\u00e9ma \" class=\"wp-image-36352\" title=\"\"><\/figure>\n\n\n\n<div style=\"height:64px\" aria-hidden=\"true\" class=\"wp-block-spacer\"><\/div>\n\n\n\n<p>Un grand merci \u00e0 la <a href=\"https:\/\/www.vinay.fr\/la-mediatheque\/\" target=\"_blank\" rel=\"noopener\">m\u00e9diath\u00e8que de Vinay<\/a> pour la confiance accord\u00e9e \u00e0 nos \u00e9quipes !<\/p>\n\n\n\n<div style=\"height:14px\" aria-hidden=\"true\" class=\"wp-block-spacer\"><\/div>\n\n\n\n<div class=\"wp-block-rank-math-toc-block\" id=\"rank-math-toc\"><h2>Sommaire :<\/h2><nav><ul><li class=\"\"><a href=\"#m\">Informations sur la r\u00e9habilitation du b\u00e2timent : Ma\u00eetre d&#8217;ouvrage : Saint-Marcellin Vercors Is\u00e8re Communaut\u00e9 \/ Ma\u00eetre d&#8217;oeuvre : Arcane Architectes \/ Superficie : 830 m\u00b2 sur trois niveaux<\/a><\/li><\/ul><\/nav><\/div>\n\n\n\n<div class=\"wp-block-buttons is-layout-flex wp-block-buttons-is-layout-flex\">\n<div class=\"wp-block-button\"><a class=\"wp-block-button__link wp-element-button\" href=\"https:\/\/www.osmoze.fr\/signaletique-interieure\/\">Nos r\u00e9alisations signal\u00e9tique int\u00e9rieure<\/a><\/div>\n\n\n\n<div class=\"wp-block-button\"><a class=\"wp-block-button__link wp-element-button\" href=\"https:\/\/amo-signaletique.fr\/\" target=\"_blank\" rel=\"noopener\">Notre Bureau d&#8217;\u00e9tude AMO<\/a><\/div>\n<\/div>\n\n\n\n<p><\/p>\n","protected":false},"excerpt":{"rendered":"<p>Informations sur la r\u00e9habilitation du b\u00e2timent : Ma\u00eetre d&#8217;ouvrage : Saint-Marcellin Vercors Is\u00e8re Communaut\u00e9 \/ Ma\u00eetre d&#8217;oeuvre : Arcane Architectes \/ Superficie : 830 m\u00b2 sur trois niveaux \u00c0 Vinay, en Is\u00e8re (38), l\u2019ancienne caserne de pompier a&#8230; <\/p>\n<p><a class=\"readmore\" href=\"https:\/\/www.osmoze.fr\/de\/fresque-mediatheque-vinay-38-decoration-murale\/\">Lire la suite<\/a><\/p>\n","protected":false},"author":14,"featured_media":36346,"comment_status":"closed","ping_status":"closed","sticky":false,"template":"","format":"standard","meta":{"footnotes":""},"categories":[732,680,681,1209,707,683],"tags":[],"class_list":["post-36305","post","type-post","status-publish","format-standard","has-post-thumbnail","hentry","category-wanddekoration-und-beschilderung-fur-medien-und-multimediabibliotheken","category-wanddekoration-und-beschilderung-fur-wande-und-trennwande","category-wanddekoration-und-beschilderung-fur-glas-und-glastrennwande","category-mediatheques-bibliotheques","category-wand-und-flachenbeschilderung","category-aufkleber-dekoration-zeitgenossisches-design-groses-format"],"_links":{"self":[{"href":"https:\/\/www.osmoze.fr\/de\/wp-json\/wp\/v2\/posts\/36305","targetHints":{"allow":["GET"]}}],"collection":[{"href":"https:\/\/www.osmoze.fr\/de\/wp-json\/wp\/v2\/posts"}],"about":[{"href":"https:\/\/www.osmoze.fr\/de\/wp-json\/wp\/v2\/types\/post"}],"author":[{"embeddable":true,"href":"https:\/\/www.osmoze.fr\/de\/wp-json\/wp\/v2\/users\/14"}],"replies":[{"embeddable":true,"href":"https:\/\/www.osmoze.fr\/de\/wp-json\/wp\/v2\/comments?post=36305"}],"version-history":[{"count":15,"href":"https:\/\/www.osmoze.fr\/de\/wp-json\/wp\/v2\/posts\/36305\/revisions"}],"predecessor-version":[{"id":36384,"href":"https:\/\/www.osmoze.fr\/de\/wp-json\/wp\/v2\/posts\/36305\/revisions\/36384"}],"wp:featuredmedia":[{"embeddable":true,"href":"https:\/\/www.osmoze.fr\/de\/wp-json\/wp\/v2\/media\/36346"}],"wp:attachment":[{"href":"https:\/\/www.osmoze.fr\/de\/wp-json\/wp\/v2\/media?parent=36305"}],"wp:term":[{"taxonomy":"category","embeddable":true,"href":"https:\/\/www.osmoze.fr\/de\/wp-json\/wp\/v2\/categories?post=36305"},{"taxonomy":"post_tag","embeddable":true,"href":"https:\/\/www.osmoze.fr\/de\/wp-json\/wp\/v2\/tags?post=36305"}],"curies":[{"name":"wp","href":"https:\/\/api.w.org\/{rel}","templated":true}]}}