{"id":22109,"date":"2023-01-12T17:06:00","date_gmt":"2023-01-12T16:06:00","guid":{"rendered":"https:\/\/www.osmoze.fr\/?p=22109"},"modified":"2025-07-24T14:57:05","modified_gmt":"2025-07-24T13:57:05","slug":"decoration-fresques-lycee-rosa-parks-thionville-57","status":"publish","type":"post","link":"https:\/\/www.osmoze.fr\/en\/decoration-fresques-lycee-rosa-parks-thionville-57\/","title":{"rendered":"FRESQUES MURALES DU LYC\u00c9E ROSA PARKS , THIONVILLE (57)"},"content":{"rendered":"\n<p> <\/p>\n\n\n\n<p>L\u2019Atelier d\u2019Art Murale Osmoze illustre les ambitions du Lyc\u00e9e Rosa Parks de Thionville (57) ; susciter l&#8217;ambition. Nous avons cr\u00e9\u00e9 un design mural int\u00e9rieur refl\u00e9tant les valeurs du lyc\u00e9e, tel que la dynamique de projets, l\u2019accompagnement, la s\u00e9curisation des parcours, les liens \u00e9troits avec le monde socio-\u00e9conomique et associatif, l\u2019ouverture internationale sont autant de sp\u00e9cificit\u00e9s qui font la richesse de leur \u00e9tablissement.<\/p>\n\n\n\n<p> <\/p>\n\n\n\n<figure class=\"wp-block-image size-large\"><a href=\"https:\/\/www.osmoze.fr\/wp-content\/uploads\/2023\/01\/affiner-son-projet.jpg\"><img loading=\"lazy\" decoding=\"async\" width=\"923\" height=\"1024\" src=\"https:\/\/www.osmoze.fr\/wp-content\/uploads\/2023\/01\/affiner-son-projet-923x1024.jpg\" alt=\"decoration fresque murale &quot;projet&quot;\" class=\"wp-image-22113\" title=\"\" srcset=\"https:\/\/www.osmoze.fr\/wp-content\/uploads\/2023\/01\/affiner-son-projet-923x1024.jpg 923w, https:\/\/www.osmoze.fr\/wp-content\/uploads\/2023\/01\/affiner-son-projet-271x300.jpg 271w, https:\/\/www.osmoze.fr\/wp-content\/uploads\/2023\/01\/affiner-son-projet-768x852.jpg 768w, https:\/\/www.osmoze.fr\/wp-content\/uploads\/2023\/01\/affiner-son-projet-1385x1536.jpg 1385w, https:\/\/www.osmoze.fr\/wp-content\/uploads\/2023\/01\/affiner-son-projet-1847x2048.jpg 1847w\" sizes=\"auto, (max-width: 923px) 100vw, 923px\" \/><\/a><\/figure>\n\n\n\n<p> <\/p>\n\n\n\n<div class=\"wp-block-group\"><div class=\"wp-block-group__inner-container is-layout-constrained wp-block-group-is-layout-constrained\">\n<p> <\/p>\n<span style= \"color:#D5D3E5\";> __________________________________________________ <\/span>\n<p> <\/p> \n<h3> DESIGN MURAL <\/h3>\n<p> <\/p>\n<p> Le design est centr\u00e9 sur la repr\u00e9sentation d&#8217;\u00e9l\u00e8ves en situation. Le traitement des illustrations \u00e0 l&#8217;encre de chine apporte un dynamisme qui contraste avec la rigueur de la typographie <p>\n<\/div><\/div>\n\n\n\n<div class=\"wp-block-columns is-layout-flex wp-container-core-columns-is-layout-9d6595d7 wp-block-columns-is-layout-flex\">\n<div class=\"wp-block-column is-layout-flow wp-block-column-is-layout-flow\" style=\"flex-basis:100%\">\n<figure class=\"wp-block-gallery has-nested-images columns-default is-cropped wp-block-gallery-1 is-layout-flex wp-block-gallery-is-layout-flex\">\n<figure class=\"wp-block-image size-large\"><a href=\"https:\/\/www.osmoze.fr\/wp-content\/uploads\/2023\/01\/organisation-anticipation.jpg\"><img loading=\"lazy\" decoding=\"async\" width=\"1024\" height=\"705\" data-id=\"22122\" src=\"https:\/\/www.osmoze.fr\/wp-content\/uploads\/2023\/01\/organisation-anticipation-1024x705.jpg\" alt=\"fresque murale lettrage 1\" class=\"wp-image-22122\" title=\"\" srcset=\"https:\/\/www.osmoze.fr\/wp-content\/uploads\/2023\/01\/organisation-anticipation-1024x705.jpg 1024w, https:\/\/www.osmoze.fr\/wp-content\/uploads\/2023\/01\/organisation-anticipation-300x207.jpg 300w, https:\/\/www.osmoze.fr\/wp-content\/uploads\/2023\/01\/organisation-anticipation-768x529.jpg 768w, https:\/\/www.osmoze.fr\/wp-content\/uploads\/2023\/01\/organisation-anticipation-1536x1057.jpg 1536w, https:\/\/www.osmoze.fr\/wp-content\/uploads\/2023\/01\/organisation-anticipation-2048x1410.jpg 2048w\" sizes=\"auto, (max-width: 1024px) 100vw, 1024px\" \/><\/a><\/figure>\n\n\n\n<figure class=\"wp-block-image size-large\"><a href=\"https:\/\/www.osmoze.fr\/wp-content\/uploads\/2023\/01\/tu-me-dis-j-oublie.jpg\"><img loading=\"lazy\" decoding=\"async\" width=\"1024\" height=\"804\" data-id=\"22137\" src=\"https:\/\/www.osmoze.fr\/wp-content\/uploads\/2023\/01\/tu-me-dis-j-oublie-1024x804.jpg\" alt=\"fresque murale lettrage 2\" class=\"wp-image-22137\" title=\"\" srcset=\"https:\/\/www.osmoze.fr\/wp-content\/uploads\/2023\/01\/tu-me-dis-j-oublie-1024x804.jpg 1024w, https:\/\/www.osmoze.fr\/wp-content\/uploads\/2023\/01\/tu-me-dis-j-oublie-300x236.jpg 300w, https:\/\/www.osmoze.fr\/wp-content\/uploads\/2023\/01\/tu-me-dis-j-oublie-768x603.jpg 768w, https:\/\/www.osmoze.fr\/wp-content\/uploads\/2023\/01\/tu-me-dis-j-oublie-1536x1206.jpg 1536w, https:\/\/www.osmoze.fr\/wp-content\/uploads\/2023\/01\/tu-me-dis-j-oublie-2048x1608.jpg 2048w, https:\/\/www.osmoze.fr\/wp-content\/uploads\/2023\/01\/tu-me-dis-j-oublie-140x110.jpg 140w\" sizes=\"auto, (max-width: 1024px) 100vw, 1024px\" \/><\/a><\/figure>\n<\/figure>\n\n\n\n<figure class=\"wp-block-image size-large\"><a href=\"https:\/\/www.osmoze.fr\/wp-content\/uploads\/2023\/01\/tu-m-enseigne2-1.jpg\"><img loading=\"lazy\" decoding=\"async\" width=\"1024\" height=\"634\" src=\"https:\/\/www.osmoze.fr\/wp-content\/uploads\/2023\/01\/tu-m-enseigne2-1-1024x634.jpg\" alt=\"fresque murale lettrage 3\" class=\"wp-image-22149\" title=\"\" srcset=\"https:\/\/www.osmoze.fr\/wp-content\/uploads\/2023\/01\/tu-m-enseigne2-1-1024x634.jpg 1024w, https:\/\/www.osmoze.fr\/wp-content\/uploads\/2023\/01\/tu-m-enseigne2-1-300x186.jpg 300w, https:\/\/www.osmoze.fr\/wp-content\/uploads\/2023\/01\/tu-m-enseigne2-1-768x476.jpg 768w, https:\/\/www.osmoze.fr\/wp-content\/uploads\/2023\/01\/tu-m-enseigne2-1-1536x951.jpg 1536w, https:\/\/www.osmoze.fr\/wp-content\/uploads\/2023\/01\/tu-m-enseigne2-1-2048x1268.jpg 2048w\" sizes=\"auto, (max-width: 1024px) 100vw, 1024px\" \/><\/a><\/figure>\n<\/div>\n<\/div>\n\n\n\n<p>Les traits fins et d\u00e9licats des diff\u00e9rents personnages apportent du r\u00e9alisme \u00e0 travers la personnification des \u00e9tudiants du lyc\u00e9e.\n<p><\/p>\n<span style=\"color:#D5D3E5\" ;=\"\"> <\/span>\n<p> Pour accompagner notre design et le rendre plus dynamique, nous avons d\u00e9cid\u00e9 de mettre en avant des mots accrocheurs, motive ceux qui \u00e9tudient et qui enseignent dans ces lieux. Cette mise en valeur est d\u00fb \u00e0 la taille ainsi qu\u2019\u00e0 la graisse de la typographie choisie mais aussi gr\u00e2ce \u00e0 ce rouge vive et impactant.<br> \n<p> <\/p>\n<span style=\"color:#D5D3E5\" ;=\"\"> <\/span>\n<p>Dans le but de parfaire cet ensemble, l\u2019addition de symboles et d\u2019\u00e9l\u00e9ments rajoute une r\u00e9elle homog\u00e9n\u00e9it\u00e9 de par la superposition avec les autres composants graphiques. Toutefois la couleur perle employ\u00e9e apporte davantage de relief et de nuance au design.<\/p>\n\n\n\n<p> <\/p>\n\n\n<div class=\"wp-block-image\">\n<figure class=\"aligncenter size-large\"><a href=\"https:\/\/www.osmoze.fr\/wp-content\/uploads\/2023\/01\/competences2-1.jpg\"><img loading=\"lazy\" decoding=\"async\" width=\"1024\" height=\"941\" src=\"https:\/\/www.osmoze.fr\/wp-content\/uploads\/2023\/01\/competences2-1-1024x941.jpg\" alt=\"fresque murale &quot;comp\u00e9tences&quot;\" class=\"wp-image-22158\" title=\"\" srcset=\"https:\/\/www.osmoze.fr\/wp-content\/uploads\/2023\/01\/competences2-1-1024x941.jpg 1024w, https:\/\/www.osmoze.fr\/wp-content\/uploads\/2023\/01\/competences2-1-300x276.jpg 300w, https:\/\/www.osmoze.fr\/wp-content\/uploads\/2023\/01\/competences2-1-768x706.jpg 768w, https:\/\/www.osmoze.fr\/wp-content\/uploads\/2023\/01\/competences2-1-1536x1411.jpg 1536w, https:\/\/www.osmoze.fr\/wp-content\/uploads\/2023\/01\/competences2-1-2048x1882.jpg 2048w\" sizes=\"auto, (max-width: 1024px) 100vw, 1024px\" \/><\/a><\/figure>\n<\/div>\n\n\n<figure class=\"wp-block-gallery has-nested-images columns-default is-cropped wp-block-gallery-2 is-layout-flex wp-block-gallery-is-layout-flex\">\n<figure class=\"wp-block-image size-large\"><a href=\"https:\/\/www.osmoze.fr\/wp-content\/uploads\/2023\/01\/angle2.jpg\"><img loading=\"lazy\" decoding=\"async\" width=\"953\" height=\"1024\" data-id=\"22152\" src=\"https:\/\/www.osmoze.fr\/wp-content\/uploads\/2023\/01\/angle2-953x1024.jpg\" alt=\"fresque murale angle\" class=\"wp-image-22152\" title=\"\" srcset=\"https:\/\/www.osmoze.fr\/wp-content\/uploads\/2023\/01\/angle2-953x1024.jpg 953w, https:\/\/www.osmoze.fr\/wp-content\/uploads\/2023\/01\/angle2-279x300.jpg 279w, https:\/\/www.osmoze.fr\/wp-content\/uploads\/2023\/01\/angle2-768x826.jpg 768w, https:\/\/www.osmoze.fr\/wp-content\/uploads\/2023\/01\/angle2-1429x1536.jpg 1429w, https:\/\/www.osmoze.fr\/wp-content\/uploads\/2023\/01\/angle2-1905x2048.jpg 1905w\" sizes=\"auto, (max-width: 953px) 100vw, 953px\" \/><\/a><\/figure>\n\n\n\n<figure class=\"wp-block-image size-large\"><a href=\"https:\/\/www.osmoze.fr\/wp-content\/uploads\/2023\/01\/se-decouvrir2.jpg\"><img loading=\"lazy\" decoding=\"async\" width=\"985\" height=\"1024\" data-id=\"22164\" src=\"https:\/\/www.osmoze.fr\/wp-content\/uploads\/2023\/01\/se-decouvrir2-985x1024.jpg\" alt=\"fresque murale &quot;se d\u00e9couvrir&quot;\" class=\"wp-image-22164\" title=\"\" srcset=\"https:\/\/www.osmoze.fr\/wp-content\/uploads\/2023\/01\/se-decouvrir2-985x1024.jpg 985w, https:\/\/www.osmoze.fr\/wp-content\/uploads\/2023\/01\/se-decouvrir2-289x300.jpg 289w, https:\/\/www.osmoze.fr\/wp-content\/uploads\/2023\/01\/se-decouvrir2-768x798.jpg 768w, https:\/\/www.osmoze.fr\/wp-content\/uploads\/2023\/01\/se-decouvrir2-1478x1536.jpg 1478w, https:\/\/www.osmoze.fr\/wp-content\/uploads\/2023\/01\/se-decouvrir2-1970x2048.jpg 1970w\" sizes=\"auto, (max-width: 985px) 100vw, 985px\" \/><\/a><\/figure>\n<\/figure>\n\n\n\n<p> <\/p>\n\n\n\n<p>Les illustrations sont ponctu\u00e9es par de nombreux symboles. En effet, ces \u00e9l\u00e9ments graphiques apportent de la profondeur \u00e0 l\u2019ensemble des fresques et les rendent plus attrayantes.<\/p>\n\n\n\n<p> <\/p>\n\n\n\n<div class=\"wp-block-columns is-layout-flex wp-container-core-columns-is-layout-9d6595d7 wp-block-columns-is-layout-flex\">\n<div class=\"wp-block-column is-layout-flow wp-block-column-is-layout-flow\" style=\"flex-basis:100%\">\n<figure class=\"wp-block-image size-large\"><img loading=\"lazy\" decoding=\"async\" width=\"1024\" height=\"406\" src=\"https:\/\/www.osmoze.fr\/wp-content\/uploads\/2023\/01\/exterieur-1024x406.jpg\" alt=\"B\u00e2timent ext\u00e9rieur du lyc\u00e9e Rosa Parks\" class=\"wp-image-22175\" title=\"\" srcset=\"https:\/\/www.osmoze.fr\/wp-content\/uploads\/2023\/01\/exterieur-1024x406.jpg 1024w, https:\/\/www.osmoze.fr\/wp-content\/uploads\/2023\/01\/exterieur-300x119.jpg 300w, https:\/\/www.osmoze.fr\/wp-content\/uploads\/2023\/01\/exterieur-768x304.jpg 768w, https:\/\/www.osmoze.fr\/wp-content\/uploads\/2023\/01\/exterieur.jpg 1073w\" sizes=\"auto, (max-width: 1024px) 100vw, 1024px\" \/><\/figure>\n<\/div>\n<\/div>\n\n\n\n<p><a herf\"https:=\"\" www.osmoze.fr=\"\" equipe-2-2=\"\" \"=\"\"><span style=\"color:#996633;\">Notre \u00e9quipe<\/span><\/a> de designers a su s\u2019innover et s\u2019adapter pour ce lyc\u00e9e dans le but d\u2019apporter du dynamisme, de la force et un aspect contemporain percutant. Associant toute ces \u00e9tapes, l\u2019atelier Osmoze r\u00e9sulte \u00e0 une coh\u00e9rence entre l\u2019architecture, l\u2019agencement et le design artistique.<\/p>\n\n\n\n<div style=\"height:100px\" aria-hidden=\"true\" class=\"wp-block-spacer\"><\/div>\n\n\n\n<p><span style=\"color:#D5D3E5\" ;=\"\"> __________________________________________________ <\/span><\/p>\n\n\n\n<h3 class=\"wp-block-heading\"> LES VALEURS <\/h3>\n\n\n\n<p>L\u2019objectif \u00e9tait de rendre cette structure plus agr\u00e9able au quotidien mais aussi pour r\u00e9pondre au nouveau message que veut \u00e9mettre ce lyc\u00e9e par son nouveau nom : Le Lyc\u00e9e Rosa Parks.<br> En effet, le choix de mettre en avant cette femme historique est pleinement r\u00e9fl\u00e9chi. Elle \u00e9mane une force et un courage qui ont permis aux g\u00e9n\u00e9rations suivantes de vivre dans un monde plus \u00e9galitaire.<\/p>\n\n\n\n<figure class=\"wp-block-image size-large is-resized\"><img loading=\"lazy\" decoding=\"async\" width=\"1024\" height=\"983\" src=\"https:\/\/www.osmoze.fr\/wp-content\/uploads\/2023\/01\/rosa-park-1-1024x983.jpg\" alt=\"\" class=\"wp-image-22326\" style=\"width:841px;height:807px\" title=\"\" srcset=\"https:\/\/www.osmoze.fr\/wp-content\/uploads\/2023\/01\/rosa-park-1-1024x983.jpg 1024w, https:\/\/www.osmoze.fr\/wp-content\/uploads\/2023\/01\/rosa-park-1-300x288.jpg 300w, https:\/\/www.osmoze.fr\/wp-content\/uploads\/2023\/01\/rosa-park-1-768x737.jpg 768w, https:\/\/www.osmoze.fr\/wp-content\/uploads\/2023\/01\/rosa-park-1-1536x1474.jpg 1536w, https:\/\/www.osmoze.fr\/wp-content\/uploads\/2023\/01\/rosa-park-1-2048x1966.jpg 2048w\" sizes=\"auto, (max-width: 1024px) 100vw, 1024px\" \/><\/figure>\n\n\n\n<p> <\/p>\n\n\n\n<p>Rosa Parks s\u2019est battue pour acc\u00e9der \u00e0 un niveau de vie sup\u00e9rieure en continuant ses \u00e9tudes, ce qui est rarement vu et appr\u00e9ci\u00e9 par la population blanche et dominante de son \u00e9poque. Bien qu\u2019elle soit dipl\u00f4m\u00e9e, le monde du travail lui reste inaccessible. Elle n\u2019a pas renonc\u00e9 \u00e0 son envie d\u2019un monde meilleur, sans discrimination raciale et avec une pr\u00e9sence indispensable de l\u2019\u00e9galit\u00e9 des chances.<\/p>\n\n\n\n<p>Son combat a permis, entre autres, \u00e0 certains \u00e9tudiants de ce lyc\u00e9e d\u2019avoir l\u2019opportunit\u00e9 d\u2019\u00e9tudier et de maximiser leur chance de r\u00e9ussite professionnelle.<\/p>\n\n\n\n<p>\u00ab&nbsp;La m\u00e8re des droits civiques&nbsp;\u00bb, comme on la surnomme, n\u2019a jamais perdue espoir dans ses luttes pr\u00f4nant \u00e9galit\u00e9 et libert\u00e9. Osmoze a en commun ce lien pers\u00e9v\u00e9rant qui vous accompagnera tout au long de votre projet en s\u2019adaptant \u00e0 la demande, en ne baissant jamais les bras. &nbsp;Nous osons travailler sans rel\u00e2che dans le but de vous faire parvenir des cr\u00e9ations refl\u00e9tant vos id\u00e9es pour vos locaux.<\/p>\n\n\n\n<div style=\"height:241px\" aria-hidden=\"true\" class=\"wp-block-spacer\"><\/div>\n<p>__________________________________________________<\/p>\n<h3>NOTRE EXPERTISE<\/h3>\n<\/p>\n<p style=\"text-align: left;\">Tous nos d\u00e9cors sont enti\u00e8rement cr\u00e9\u00e9s sur-mesure. Ils sont dessin\u00e9s \u00e0 la main puis fabriqu\u00e9s artisanalement dans notre atelier d\u2019art mural situ\u00e9 fran\u00e7ais.<\/p>\n<p>Nos techniques de marquage mural permettent d\u2019investir toutes les surfaces. Elles nous permettent d&#8217;apporter une coh\u00e9rence graphique et une sc\u00e9nographie dans l&#8217;ensemble du lieu.<\/p>\n<p>Nous vous proposons des fresques murales en harmonie avec la composition de la signal\u00e9tique. <br \/>L&#8217;expertise design et signal\u00e9tique Osmoze permet d&#8217;int\u00e9grer cette signal\u00e9tique dans le prolongement des lignes de l&#8217;architecture.<\/p>\n<p>Les d\u00e9corations sont pens\u00e9es pour prolonger la signal\u00e9tique et s&#8217;adapter \u00e0 l&#8217;utilisation de chacun des espaces investis.<\/p>\n<p>Pour une d\u00e9coration murale et une signal\u00e9tique qui souligne l&#8217;identit\u00e9 de votre marque, institut, h\u00f4pital, EHPAD, \u00e9cole, il n&#8217;y a qu&#8217;une adresse en France :<a href=\"https:\/\/www.osmoze.fr\/\"><span style=\"color: #996633;\"> Osmoze l&#8217;Atelier d&#8217;Art Mural<\/span><\/a><\/p>\n<p>Pour toutes demandes de renseignements <a href=\"https:\/\/www.osmoze.fr\/contact\/\"> <span style=\"color: #996633;\"> contactez-nous en cliquant ici<\/span> <\/a> .<\/p>\n<p>Pour tout projet ou avant-projet, nous restons \u00e0 votre \u00e9coute pour une \u00e9tude. <br \/>Nous vous apportons l&#8217;expertise d&#8217;architecte, de d\u00e9corateur, de ma\u00eetre d\u2019ouvrage et de designer.<a href=\"https:\/\/www.osmoze.fr\/catalogue\/\"> <span style=\"color: #996633;\"> Notre magazine est gratuit et est \u00e0 votre enti\u00e8re disposition sur demande.<\/span> <\/a><\/p>\n<p>Nous intervenons partout en France et \u00e0 l\u2019international.<\/p>\n<\/p>\n<h2>ATELIER D&#8217;ART MURAL OSMOZE<\/h2>\n<p>D\u00e9cor et D\u00e9coration murale. Cr\u00e9ation de concept global d\u2019am\u00e9nagement.<\/p>\n<p>Peinture du B\u00e9ton<\/p>\n<p>Oeuvre et fresque murale<\/p>\n<p>Signal\u00e9tique contemporaine<\/p>\n<p>Signal\u00e9tique 3D<\/p>\n<p>Signal\u00e9tique olfactive<\/p>\n<p>Signal\u00e9tique et d\u00e9cor en r\u00e9alit\u00e9 augment\u00e9e<\/p>\n<\/p>\n<h2>CONTACTS<\/h2>\n<p><a href=\"https:\/\/www.osmoze.fr\/contact\/\"> <span style=\"color: #996633;\"> Nous contactez <\/span><\/a><\/p>\n<p>Retrouvez nos agences commerciale \u00e0 Paris, Lille et Strasbourg<\/p>\n<p>Adresse :<a href=\"https:\/\/www.google.com\/maps\/place\/Osmoze,+Atelier+de+Signal%C3%A9tique+Murale+Artistique\/@48.5447322,7.4933145,15z\/data=!4m2!3m1!1s0x0:0xc96639e4ae4c21df?sa=X&amp;ved=2ahUKEwjtzf3_57_8AhXiTKQEHYKpBQ8Q_BJ6BAhdEAg\" target=\"_blank\" rel=\"noopener\"> <span style=\"color: #996633;\"> 15 rue des Remparts 67120 Molsheim (France) <\/span> <\/a><\/p>\n<p>E-mail : <a href=\"mailto:welcome@osmoze.fr\"> <span style=\"color: #996633;\"> welcome@osmoze.fr <\/span> <\/a><\/p>\n<p>T\u00e9l\u00e9phone: <a href=\"tel:+33369148114\"> <span style=\"color: #996633;\"> 03 69 14 81 14 <\/span> <\/a><\/p>\n<\/p>\n<h2>RESEAUX<\/h2>\n<p>&nbsp; <a href=\"https:\/\/www.instagram.com\/osmoze_atelier\/\" target=\"_blank\" rel=\"noopener\"><img loading=\"lazy\" decoding=\"async\" class=\"alignleft wp-image-22084\" src=\"https:\/\/www.osmoze.fr\/wp-content\/uploads\/2023\/01\/icone_insta.png\" alt=\"https:\/\/www.instagram.com\/osmoze_atelier\/\" width=\"50\" height=\"50\" title=\"\" srcset=\"https:\/\/www.osmoze.fr\/wp-content\/uploads\/2023\/01\/icone_insta.png 237w, https:\/\/www.osmoze.fr\/wp-content\/uploads\/2023\/01\/icone_insta-150x150.png 150w\" sizes=\"auto, (max-width: 50px) 100vw, 50px\" \/><\/a>&nbsp; &nbsp; &nbsp; <a href=\"https:\/\/www.facebook.com\/atelierosmoze\/\" target=\"_blank\" rel=\"noopener\"><img loading=\"lazy\" decoding=\"async\" class=\"alignleft wp-image-22081\" src=\"https:\/\/www.osmoze.fr\/wp-content\/uploads\/2023\/01\/icone_facebook.png\" alt=\"https:\/\/www.facebook.com\/atelierosmoze\/\" width=\"50\" height=\"50\" title=\"\" srcset=\"https:\/\/www.osmoze.fr\/wp-content\/uploads\/2023\/01\/icone_facebook.png 238w, https:\/\/www.osmoze.fr\/wp-content\/uploads\/2023\/01\/icone_facebook-150x150.png 150w\" sizes=\"auto, (max-width: 50px) 100vw, 50px\" \/><\/a>&nbsp; &nbsp;&nbsp; &nbsp;<a href=\"https:\/\/www.pinterest.fr\/atelierartmuralosmoze\" target=\"_blank\" rel=\"noopener\"><img loading=\"lazy\" decoding=\"async\" class=\"alignleft wp-image-22093\" src=\"https:\/\/www.osmoze.fr\/wp-content\/uploads\/2023\/01\/icone_pinterest.png\" alt=\"https:\/\/www.pinterest.fr\/atelierartmuralosmoze\" width=\"50\" height=\"50\" title=\"\" srcset=\"https:\/\/www.osmoze.fr\/wp-content\/uploads\/2023\/01\/icone_pinterest.png 237w, https:\/\/www.osmoze.fr\/wp-content\/uploads\/2023\/01\/icone_pinterest-150x150.png 150w\" sizes=\"auto, (max-width: 50px) 100vw, 50px\" \/><\/a> &nbsp; &nbsp; &nbsp;<a href=\"https:\/\/vimeo.com\/atelierosmoze\" target=\"_blank\" rel=\"noopener\"><img loading=\"lazy\" decoding=\"async\" class=\"alignleft wp-image-22102\" src=\"https:\/\/www.osmoze.fr\/wp-content\/uploads\/2023\/01\/icone_vimeo.png\" alt=\"https:\/\/vimeo.com\/atelierosmoze\" width=\"50\" height=\"50\" title=\"\" srcset=\"https:\/\/www.osmoze.fr\/wp-content\/uploads\/2023\/01\/icone_vimeo.png 237w, https:\/\/www.osmoze.fr\/wp-content\/uploads\/2023\/01\/icone_vimeo-150x150.png 150w\" sizes=\"auto, (max-width: 50px) 100vw, 50px\" \/><\/a><\/p>\n<\/p>\n<p>retournez \u00e0 <a href=\"https:\/\/www.osmoze.fr\/blog\/\"> <span style=\"color: #996633;\"> nos actualit\u00e9s<\/span><\/a> ou parcourez <a href=\"https:\/\/www.osmoze.fr\/references-art-mural-decoration-signaletique\/\"><span style=\"color: #996633;\"> nos r\u00e9alisations <\/span><\/a>.<\/p>","protected":false},"excerpt":{"rendered":"<p>Osmoze et le groupe Clinifutur ont collabor\u00e9 pour la mise en sc\u00e8ne de la signal\u00e9tique et de la d\u00e9coration dans la clinique Sainte-Clotilde situ\u00e9e \u00e0 Saint-Denis, chef lieu de l\u2019\u00eele de La R\u00e9union (974).<\/p>\n","protected":false},"author":4,"featured_media":22131,"comment_status":"closed","ping_status":"open","sticky":false,"template":"","format":"standard","meta":{"footnotes":""},"categories":[650,730,86,651,652,91,728,727,1213,755,655],"tags":[964,656,794,467,667,657,17,902,137,961,470,658,968,659,966,937,660,930,943,742,967,884,962,661,662,969,956,963,663,664,780,965,745,561],"class_list":["post-22109","post","type-post","status-publish","format-standard","has-post-thumbnail","hentry","category-graphic-support-of-the-project-management-and-project-management","category-decoration-and-signage-on-concrete","category-decoration-murale-signaletique-maison-enfance-universite-creche-ecole","category-interior-and-exterior-design-consulting-graphic-and-aesthetic-consulting-wall-decoration-and-signage-for-halls-and-reception-areas","category-wall-decoration-and-signage-for-walls-and-partitions","category-decoration-dome-coupole-plafond-sticker","category-wall-decoration-and-signage-for-corridors-and-passageways","category-wall-decoration-signage-and-floor-marking","category-ecoles-universites","category-lettering-and-signage","category-sticker-decoration-contemporary-design-large-format","tag-964","tag-adhesive","tag-decorative-art","tag-art-mural","tag-osmoze-art-workshop","tag-contemporary-workshop","tag-blog","tag-couleurs","tag-couloir","tag-deco","tag-decoration-clinique","tag-wall-decoration","tag-design-interieur","tag-wall-design-en","tag-ecole","tag-fresque-decorative","tag-wall-fresco","tag-fresque-signaletique","tag-fresque-sur-mesure","tag-large-size","tag-illustration","tag-lettrage","tag-lycee","tag-unique-work","tag-osmoze-en","tag-personnages","tag-reunion","tag-rosa-parks","tag-signage","tag-artistic-signage","tag-wall-stickers-en","tag-thionville","tag-vinyl","tag-vinyle-mural-deco"],"_links":{"self":[{"href":"https:\/\/www.osmoze.fr\/en\/wp-json\/wp\/v2\/posts\/22109","targetHints":{"allow":["GET"]}}],"collection":[{"href":"https:\/\/www.osmoze.fr\/en\/wp-json\/wp\/v2\/posts"}],"about":[{"href":"https:\/\/www.osmoze.fr\/en\/wp-json\/wp\/v2\/types\/post"}],"author":[{"embeddable":true,"href":"https:\/\/www.osmoze.fr\/en\/wp-json\/wp\/v2\/users\/4"}],"replies":[{"embeddable":true,"href":"https:\/\/www.osmoze.fr\/en\/wp-json\/wp\/v2\/comments?post=22109"}],"version-history":[{"count":0,"href":"https:\/\/www.osmoze.fr\/en\/wp-json\/wp\/v2\/posts\/22109\/revisions"}],"wp:featuredmedia":[{"embeddable":true,"href":"https:\/\/www.osmoze.fr\/en\/wp-json\/wp\/v2\/media\/22131"}],"wp:attachment":[{"href":"https:\/\/www.osmoze.fr\/en\/wp-json\/wp\/v2\/media?parent=22109"}],"wp:term":[{"taxonomy":"category","embeddable":true,"href":"https:\/\/www.osmoze.fr\/en\/wp-json\/wp\/v2\/categories?post=22109"},{"taxonomy":"post_tag","embeddable":true,"href":"https:\/\/www.osmoze.fr\/en\/wp-json\/wp\/v2\/tags?post=22109"}],"curies":[{"name":"wp","href":"https:\/\/api.w.org\/{rel}","templated":true}]}}