{"id":25323,"date":"2025-06-24T11:40:13","date_gmt":"2025-06-24T10:40:13","guid":{"rendered":"https:\/\/www.osmoze.fr\/?p=25323"},"modified":"2026-02-26T16:17:53","modified_gmt":"2026-02-26T15:17:53","slug":"identite-mairie-de-valff-67","status":"publish","type":"post","link":"https:\/\/www.osmoze.fr\/en\/identite-mairie-de-valff-67\/","title":{"rendered":"UNE IDENTIT\u00c9 POUR LA MAIRIE DE VALFF &#8211; VALFF (67)"},"content":{"rendered":"\n<div style=\"height:35px\" aria-hidden=\"true\" class=\"wp-block-spacer\"><\/div>\n\n\n\n<p>Informations pratiques sur la r\u00e9novation de la mairie de Valff : Ma\u00eetre d&#8217;ouvrage : <a href=\"https:\/\/www.paysdebarr.fr\/fr\/les-communes\/valff\" target=\"_blank\" rel=\"noopener\"><em>Commune de Valff<\/em><\/a>  \/  Ma\u00eetre d&#8217;oeuvre : <a href=\"https:\/\/www.mezo-eco-concept.fr\/\" target=\"_blank\" rel=\"noopener\"><em>MEZ\u2019O<\/em><\/a> &amp; <a href=\"https:\/\/www.ren.archi\/\" target=\"_blank\" rel=\"noopener\"><em>REN Atelier d\u2019Architecture<\/em><\/a>  \/  Superficie totale : ~<strong>267\u202fm\u00b2 <\/strong>de locaux r\u00e9nov\u00e9s<\/p>\n\n\n\n<div style=\"height:35px\" aria-hidden=\"true\" class=\"wp-block-spacer\"><\/div>\n\n\n\n<h5 class=\"wp-block-heading\"> <a href=\"https:\/\/www.osmoze.fr\/art-mural\/design-mural-artistique-interieur\/\"><span style=\"color: #996633;\">  D\u00c9CORATIONS MURALES <\/span><\/a>  \/  <a href=\"https:\/\/www.osmoze.fr\/art-mural\/signaletique-decorative\/interieure\/\"><span style=\"color: #996633;\">  SIGNAL\u00c9TIQUE <\/span> <\/a>   \/ <a href=\"https:\/\/www.osmoze.fr\/art-mural\/design-mural-artistique-interieur\/\"> <mark style=\"background-color:rgba(0, 0, 0, 0);color:#8a5e2a\" class=\"has-inline-color\">INT\u00c9RIEUR<\/mark><\/a><\/h5>\n\n\n\n<h2 class=\"wp-block-heading\">CR\u00c9ATION D&#8217;IDENTIT\u00c9 <\/h2>\n\n\n\n<figure class=\"wp-block-image size-large\"><img decoding=\"async\" src=\"https:\/\/www.osmoze.fr\/wp-content\/uploads\/2024\/01\/MAIRIEVALFF.jpg\" alt=\"Fresque Osmoze - design de la Marianne pour une mairie en Alsace \" title=\"\"><\/figure>\n\n\n\n<p><mark style=\"background-color:rgba(0, 0, 0, 0);color:#8a5e2a\" class=\"has-inline-color\">Osmoze<\/mark> a \u00e9t\u00e9 choisi par la <mark style=\"background-color:rgba(0, 0, 0, 0);color:#8a5e2a\" class=\"has-inline-color\">mairie de Valff<\/mark> pour \u00eatre le narrateur de son histoire. Ce projet m\u00ealant <mark style=\"background-color:rgba(0, 0, 0, 0);color:#8a5e2a\" class=\"has-inline-color\">fresques murales<\/mark>, <mark style=\"background-color:rgba(0, 0, 0, 0);color:#8a5e2a\" class=\"has-inline-color\">signal\u00e9tiques<\/mark> et <mark style=\"background-color:rgba(0, 0, 0, 0);color:#8a5e2a\" class=\"has-inline-color\">vitrophanies<\/mark> a construit \u00e0 la mairie de Valff une toute nouvelle identit\u00e9 moderne, mais pas moins fi\u00e8re de ses racines. Leur souhait \u00e9tait de mettre en avant le patrimoine r\u00e9gional et national \u00e0 travers des r\u00e9f\u00e9rences embl\u00e9matiques tel que la Marianne ou l\u2019oie de Valff.<\/p>\n\n\n\n<div class=\"wp-block-group\"><div class=\"wp-block-group__inner-container is-layout-constrained wp-block-group-is-layout-constrained\">\n<div class=\"wp-block-columns is-layout-flex wp-container-core-columns-is-layout-9d6595d7 wp-block-columns-is-layout-flex\">\n<div class=\"wp-block-column is-layout-flow wp-block-column-is-layout-flow\" style=\"flex-basis:100%\">\n<div class=\"wp-block-columns is-layout-flex wp-container-core-columns-is-layout-9d6595d7 wp-block-columns-is-layout-flex\">\n<div class=\"wp-block-column is-layout-flow wp-block-column-is-layout-flow\">\n<figure class=\"wp-block-image size-large\"><img loading=\"lazy\" decoding=\"async\" width=\"1024\" height=\"729\" src=\"https:\/\/www.osmoze.fr\/wp-content\/uploads\/2024\/01\/MAIRIEVALFF1-1024x729.jpeg\" alt=\"Fresques murales en mairie - symbole de la Marianne et r\u00e9f\u00e9rence au patrimoine r\u00e9gional alsacien \n\" class=\"wp-image-25337\" title=\"\" srcset=\"https:\/\/www.osmoze.fr\/wp-content\/uploads\/2024\/01\/MAIRIEVALFF1-1024x729.jpeg 1024w, https:\/\/www.osmoze.fr\/wp-content\/uploads\/2024\/01\/MAIRIEVALFF1-300x214.jpeg 300w, https:\/\/www.osmoze.fr\/wp-content\/uploads\/2024\/01\/MAIRIEVALFF1-768x547.jpeg 768w, https:\/\/www.osmoze.fr\/wp-content\/uploads\/2024\/01\/MAIRIEVALFF1-1536x1094.jpeg 1536w, https:\/\/www.osmoze.fr\/wp-content\/uploads\/2024\/01\/MAIRIEVALFF1-2048x1458.jpeg 2048w\" sizes=\"auto, (max-width: 1024px) 100vw, 1024px\" \/><\/figure>\n<\/div>\n<\/div>\n<\/div>\n<\/div>\n<\/div><\/div>\n\n\n\n<h2 class=\"wp-block-heading\">DES COMPOSITIONS UNIQUES  <\/h2>\n\n\n\n<div class=\"wp-block-columns is-layout-flex wp-container-core-columns-is-layout-9d6595d7 wp-block-columns-is-layout-flex\">\n<div class=\"wp-block-column is-layout-flow wp-block-column-is-layout-flow\" style=\"flex-basis:100%\">\n<p>Les <mark style=\"background-color:rgba(0, 0, 0, 0);color:#8a5e2a\" class=\"has-inline-color\">fresques murales <\/mark>qui s\u2019\u00e9tendent sur l\u2019ensemble du b\u00e2timent projettent une vision forte et accrocheuse. Ces compositions cr\u00e9ent une atmosph\u00e8re distinctive \u00e0 l&#8217;int\u00e9rieur de la mairie, <mark style=\"background-color:rgba(0, 0, 0, 0);color:#8a5e2a\" class=\"has-inline-color\">captivant l&#8217;attention<\/mark> des visiteurs et des employ\u00e9s d\u00e8s leur entr\u00e9e. Chaque d\u00e9tail des fresques a \u00e9t\u00e9 minutieusement pens\u00e9 pour refl\u00e9ter les valeurs que souhaite v\u00e9hiculer la Mairie de Valff. Les couleurs font volontairement \u00e9cho \u00e0 celles du drapeau tricolore.<\/p>\n\n\n\n<div class=\"wp-block-columns is-layout-flex wp-container-core-columns-is-layout-9d6595d7 wp-block-columns-is-layout-flex\">\n<div class=\"wp-block-column is-layout-flow wp-block-column-is-layout-flow\">\n<figure class=\"wp-block-image size-large\"><img loading=\"lazy\" decoding=\"async\" width=\"1024\" height=\"729\" src=\"https:\/\/www.osmoze.fr\/wp-content\/uploads\/2024\/01\/MAIRIEVALFF6-1-1024x729.jpg\" alt=\"Fresque Marianne pour la mairie de Valff - couleurs en \u00e9cho \u00e0 celles du drapeau tricolore fran\u00e7ais \" class=\"wp-image-25346\" title=\"\" srcset=\"https:\/\/www.osmoze.fr\/wp-content\/uploads\/2024\/01\/MAIRIEVALFF6-1-1024x729.jpg 1024w, https:\/\/www.osmoze.fr\/wp-content\/uploads\/2024\/01\/MAIRIEVALFF6-1-300x214.jpg 300w, https:\/\/www.osmoze.fr\/wp-content\/uploads\/2024\/01\/MAIRIEVALFF6-1-768x547.jpg 768w, https:\/\/www.osmoze.fr\/wp-content\/uploads\/2024\/01\/MAIRIEVALFF6-1-1536x1094.jpg 1536w, https:\/\/www.osmoze.fr\/wp-content\/uploads\/2024\/01\/MAIRIEVALFF6-1-2048x1458.jpg 2048w\" sizes=\"auto, (max-width: 1024px) 100vw, 1024px\" \/><\/figure>\n<\/div>\n\n\n\n<div class=\"wp-block-column is-layout-flow wp-block-column-is-layout-flow\">\n<figure class=\"wp-block-image size-large\"><img loading=\"lazy\" decoding=\"async\" width=\"1024\" height=\"729\" src=\"https:\/\/www.osmoze.fr\/wp-content\/uploads\/2024\/01\/MAIRIEVALFF3-1024x729.jpg\" alt=\"D\u00e9tails de la fresque principale - rappel des couleurs fran\u00e7aise - bleu, blanc (ici cr\u00e8me), rouge - logo Osmoze \" class=\"wp-image-25328\" title=\"\" srcset=\"https:\/\/www.osmoze.fr\/wp-content\/uploads\/2024\/01\/MAIRIEVALFF3-1024x729.jpg 1024w, https:\/\/www.osmoze.fr\/wp-content\/uploads\/2024\/01\/MAIRIEVALFF3-300x214.jpg 300w, https:\/\/www.osmoze.fr\/wp-content\/uploads\/2024\/01\/MAIRIEVALFF3-768x547.jpg 768w, https:\/\/www.osmoze.fr\/wp-content\/uploads\/2024\/01\/MAIRIEVALFF3-1536x1094.jpg 1536w, https:\/\/www.osmoze.fr\/wp-content\/uploads\/2024\/01\/MAIRIEVALFF3-2048x1458.jpg 2048w\" sizes=\"auto, (max-width: 1024px) 100vw, 1024px\" \/><\/figure>\n<\/div>\n<\/div>\n<\/div>\n<\/div>\n\n\n\n<p>Les <mark style=\"background-color:rgba(0, 0, 0, 0);color:#8a5e2a\" class=\"has-inline-color\">vitrophanies <\/mark>ont pour objectif la <mark style=\"background-color:rgba(0, 0, 0, 0);color:#8a5e2a\" class=\"has-inline-color\">mise en discr\u00e9tion<\/mark> des espaces de travail des employ\u00e9s de mairie. L\u2019utilisation d&#8217;un<mark style=\"background-color:rgba(0, 0, 0, 0);color:#8a5e2a\" class=\"has-inline-color\"> nuage blanc<\/mark> permet de pr\u00e9server la vue ext\u00e9rieure tout en instaurant une atmosph\u00e8re int\u00e9rieure propice \u00e0 la concentration. Au verso, les illustrations de la vitrophanie contribuent \u00e0 pr\u00e9server l\u2019harmonie du b\u00e2timent. Ces \u0153uvres d&#8217;art ext\u00e9rieures offrent aux passants et aux habitants de Valff une <mark style=\"background-color:rgba(0, 0, 0, 0);color:#8a5e2a\" class=\"has-inline-color\">immersion visuelle<\/mark> dans l&#8217;histoire et la culture locales.<\/p>\n\n\n\n<figure class=\"wp-block-image size-large\"><a href=\"https:\/\/www.osmoze.fr\/wp-content\/uploads\/2024\/01\/MAIRIEVALFF4.jpg\"><img loading=\"lazy\" decoding=\"async\" width=\"1024\" height=\"729\" src=\"https:\/\/www.osmoze.fr\/wp-content\/uploads\/2024\/01\/MAIRIEVALFF4-1024x729.jpg\" alt=\"Vitrophanie mairie de Valff\" class=\"wp-image-25331\" title=\"\" srcset=\"https:\/\/www.osmoze.fr\/wp-content\/uploads\/2024\/01\/MAIRIEVALFF4-1024x729.jpg 1024w, https:\/\/www.osmoze.fr\/wp-content\/uploads\/2024\/01\/MAIRIEVALFF4-300x214.jpg 300w, https:\/\/www.osmoze.fr\/wp-content\/uploads\/2024\/01\/MAIRIEVALFF4-768x547.jpg 768w, https:\/\/www.osmoze.fr\/wp-content\/uploads\/2024\/01\/MAIRIEVALFF4-1536x1094.jpg 1536w, https:\/\/www.osmoze.fr\/wp-content\/uploads\/2024\/01\/MAIRIEVALFF4-2048x1458.jpg 2048w\" sizes=\"auto, (max-width: 1024px) 100vw, 1024px\" \/><\/a><\/figure>\n\n\n\n<div class=\"wp-block-group is-nowrap is-layout-flex wp-container-core-group-is-layout-ad2f72ca wp-block-group-is-layout-flex\">\n<figure class=\"wp-block-gallery has-nested-images columns-default is-cropped wp-block-gallery-1 is-layout-flex wp-block-gallery-is-layout-flex\">\n<figure class=\"wp-block-image size-full\"><a href=\"https:\/\/www.osmoze.fr\/wp-content\/uploads\/2024\/01\/MAIRIEVALFF7.jpeg\"><img loading=\"lazy\" decoding=\"async\" width=\"2796\" height=\"3624\" data-id=\"25349\" src=\"https:\/\/www.osmoze.fr\/wp-content\/uploads\/2024\/01\/MAIRIEVALFF7.jpeg\" alt=\"Fresque d\u00e9corative - \u00e9vocation significative de l&#039;identit\u00e9 de la ville \" class=\"wp-image-25349\" title=\"\" srcset=\"https:\/\/www.osmoze.fr\/wp-content\/uploads\/2024\/01\/MAIRIEVALFF7.jpeg 2796w, https:\/\/www.osmoze.fr\/wp-content\/uploads\/2024\/01\/MAIRIEVALFF7-231x300.jpeg 231w, https:\/\/www.osmoze.fr\/wp-content\/uploads\/2024\/01\/MAIRIEVALFF7-790x1024.jpeg 790w, https:\/\/www.osmoze.fr\/wp-content\/uploads\/2024\/01\/MAIRIEVALFF7-768x995.jpeg 768w, https:\/\/www.osmoze.fr\/wp-content\/uploads\/2024\/01\/MAIRIEVALFF7-1185x1536.jpeg 1185w, https:\/\/www.osmoze.fr\/wp-content\/uploads\/2024\/01\/MAIRIEVALFF7-1580x2048.jpeg 1580w\" sizes=\"auto, (max-width: 2796px) 100vw, 2796px\" \/><\/a><\/figure>\n\n\n\n<figure class=\"wp-block-image size-large is-style-default\"><a href=\"https:\/\/www.osmoze.fr\/wp-content\/uploads\/2024\/01\/MAIRIEVALFF8.jpeg\"><img loading=\"lazy\" decoding=\"async\" width=\"790\" height=\"1024\" data-id=\"25352\" src=\"https:\/\/www.osmoze.fr\/wp-content\/uploads\/2024\/01\/MAIRIEVALFF8-790x1024.jpeg\" alt=\"Visage de la Marianne - symbole de libert\u00e9 fran\u00e7ais \" class=\"wp-image-25352\" title=\"\" srcset=\"https:\/\/www.osmoze.fr\/wp-content\/uploads\/2024\/01\/MAIRIEVALFF8-790x1024.jpeg 790w, https:\/\/www.osmoze.fr\/wp-content\/uploads\/2024\/01\/MAIRIEVALFF8-231x300.jpeg 231w, https:\/\/www.osmoze.fr\/wp-content\/uploads\/2024\/01\/MAIRIEVALFF8-768x995.jpeg 768w, https:\/\/www.osmoze.fr\/wp-content\/uploads\/2024\/01\/MAIRIEVALFF8-1185x1536.jpeg 1185w, https:\/\/www.osmoze.fr\/wp-content\/uploads\/2024\/01\/MAIRIEVALFF8-1580x2048.jpeg 1580w\" sizes=\"auto, (max-width: 790px) 100vw, 790px\" \/><\/a><\/figure>\n<\/figure>\n<\/div>\n\n\n\n<p><mark style=\"background-color:rgba(0, 0, 0, 0);color:#8a5e2a\" class=\"has-inline-color\">L&#8217;escalier<\/mark> occupe une place essentielle dans notre cr\u00e9ation, \u00e9tant r\u00e9guli\u00e8rement captur\u00e9 par les photographes lors des descentes des mari\u00e9es. Cet \u00e9l\u00e9ment devait donc pr\u00e9senter une esth\u00e9tique forte et \u00e9voquer de mani\u00e8re significative l&#8217;identit\u00e9 de la ville.<\/p>\n\n\n\n<p>La <mark style=\"background-color:rgba(0, 0, 0, 0);color:#8a5e2a\" class=\"has-inline-color\">signal\u00e9tique<\/mark> a pour but premier d\u2019informer, c\u2019est pourquoi on retrouve les horaires de la mairie sur l\u2019entr\u00e9e. Une fois \u00e0 l\u2019int\u00e9rieur du b\u00e2timent les diff\u00e9rentes salles ont \u00e9t\u00e9 nomm\u00e9s et sont accompagn\u00e9es de pictogrammes afin de <mark style=\"background-color:rgba(0, 0, 0, 0);color:#8a5e2a\" class=\"has-inline-color\">guider<\/mark> les visiteurs et le personnel. L&#8217;attention particuli\u00e8re port\u00e9e \u00e0 l&#8217;esth\u00e9tique de la signal\u00e9tique assure qu&#8217;elle ne remplit pas seulement une fonction informative, mais contribue \u00e9galement \u00e0 l&#8217;ambiance g\u00e9n\u00e9rale en \u00e9tant d\u00e9corative.<\/p>\n\n\n\n<h3 class=\"wp-block-heading\"><\/h3>\n\n\n\n<figure class=\"wp-block-gallery aligncenter has-nested-images columns-default is-cropped wp-block-gallery-2 is-layout-flex wp-block-gallery-is-layout-flex\">\n<figure class=\"wp-block-image size-large\"><img loading=\"lazy\" decoding=\"async\" width=\"1024\" height=\"729\" data-id=\"25343\" src=\"https:\/\/www.osmoze.fr\/wp-content\/uploads\/2024\/01\/MAIRIEVALFF5-1024x729.jpeg\" alt=\"Nouvelle identit\u00e9 graphique pour la mairie de Valff et nomination des diff\u00e9rentes salles \" class=\"wp-image-25343\" title=\"\" srcset=\"https:\/\/www.osmoze.fr\/wp-content\/uploads\/2024\/01\/MAIRIEVALFF5-1024x729.jpeg 1024w, https:\/\/www.osmoze.fr\/wp-content\/uploads\/2024\/01\/MAIRIEVALFF5-300x214.jpeg 300w, https:\/\/www.osmoze.fr\/wp-content\/uploads\/2024\/01\/MAIRIEVALFF5-768x547.jpeg 768w, https:\/\/www.osmoze.fr\/wp-content\/uploads\/2024\/01\/MAIRIEVALFF5-1536x1094.jpeg 1536w, https:\/\/www.osmoze.fr\/wp-content\/uploads\/2024\/01\/MAIRIEVALFF5-2048x1458.jpeg 2048w\" sizes=\"auto, (max-width: 1024px) 100vw, 1024px\" \/><\/figure>\n<\/figure>\n\n\n\n<p>Ainsi, Osmoze a transform\u00e9 la mairie en un espace qui honore le pass\u00e9 tout en embrassant l&#8217;avenir, cr\u00e9ant une identit\u00e9 unique et captivante pour la Mairie de Valff. Ce projet de d\u00e9coration a \u00e9t\u00e9 l&#8217;occasion pour l&#8217;\u00e9quipe Osmoze de rendre hommage \u00e0 notre ch\u00e8re Hexagone.<\/p>\n\n\n\n<div class=\"wp-block-columns is-layout-flex wp-container-core-columns-is-layout-9d6595d7 wp-block-columns-is-layout-flex\">\n<div class=\"wp-block-column is-layout-flow wp-block-column-is-layout-flow\" style=\"flex-basis:100%\">\n<div class=\"wp-block-group is-nowrap is-layout-flex wp-container-core-group-is-layout-ad2f72ca wp-block-group-is-layout-flex\">\n<figure class=\"wp-block-image size-full\"><img loading=\"lazy\" decoding=\"async\" width=\"2975\" height=\"2118\" src=\"https:\/\/www.osmoze.fr\/wp-content\/uploads\/2024\/01\/MAIRIEVALFF2.jpeg\" alt=\"Signature Osmoze sous la fresque \" class=\"wp-image-25340\" title=\"\" srcset=\"https:\/\/www.osmoze.fr\/wp-content\/uploads\/2024\/01\/MAIRIEVALFF2.jpeg 2975w, https:\/\/www.osmoze.fr\/wp-content\/uploads\/2024\/01\/MAIRIEVALFF2-300x214.jpeg 300w, https:\/\/www.osmoze.fr\/wp-content\/uploads\/2024\/01\/MAIRIEVALFF2-1024x729.jpeg 1024w, https:\/\/www.osmoze.fr\/wp-content\/uploads\/2024\/01\/MAIRIEVALFF2-768x547.jpeg 768w, https:\/\/www.osmoze.fr\/wp-content\/uploads\/2024\/01\/MAIRIEVALFF2-1536x1094.jpeg 1536w, https:\/\/www.osmoze.fr\/wp-content\/uploads\/2024\/01\/MAIRIEVALFF2-2048x1458.jpeg 2048w\" sizes=\"auto, (max-width: 2975px) 100vw, 2975px\" \/><\/figure>\n<\/div>\n<\/div>\n<\/div>\n\n\n<p><span style=\"color: #d5d3e5;\"> __________________________________________________ <\/span><\/p>\n<h3>EXPERTISE OSMOZE<\/h3>\n<p style=\"text-align: left;\">Tous nos d\u00e9cors sont enti\u00e8rement cr\u00e9\u00e9s sur-mesure. Ils sont dessin\u00e9s \u00e0 la main puis fabriqu\u00e9s artisanalement dans notre atelier d\u2019art mural situ\u00e9 fran\u00e7ais.<\/p>\n<p>Nos techniques de marquage mural permettent d\u2019investir toutes les surfaces. Elles nous permettent d&#8217;apporter une coh\u00e9rence graphique et une sc\u00e9nographie dans l&#8217;ensemble du lieu.<\/p>\n<p>Nous vous proposons des fresques murales en harmonie avec la composition de la signal\u00e9tique. <br \/>L&#8217;expertise design et signal\u00e9tique Osmoze permet d&#8217;int\u00e9grer cette signal\u00e9tique dans le prolongement des lignes de l&#8217;architecture.<\/p>\n<p>Les d\u00e9corations sont pens\u00e9es pour prolonger la signal\u00e9tique et s&#8217;adapter \u00e0 l&#8217;utilisation de chacun des espaces investis.<\/p>\n<p>Pour une d\u00e9coration murale et une signal\u00e9tique qui souligne l&#8217;identit\u00e9 de votre marque, institut, h\u00f4pital, EHPAD, \u00e9cole, il n&#8217;y a qu&#8217;une adresse en France :<a href=\"https:\/\/www.osmoze.fr\/\"><span style=\"color: #996633;\"> Osmoze l&#8217;Atelier d&#8217;Art Mural<\/span><\/a><\/p>\n<p>Pour toutes demandes de renseignements <a href=\"https:\/\/www.osmoze.fr\/contact\/\"> <span style=\"color: #996633;\"> contactez-nous en cliquant ici<\/span> <\/a> .<\/p>\n<p>Pour tout projet ou avant-projet, nous restons \u00e0 votre \u00e9coute pour une \u00e9tude. <br \/>Nous vous apportons l&#8217;expertise d&#8217;architecte, de d\u00e9corateur, de ma\u00eetre d\u2019ouvrage et de designer.<a href=\"https:\/\/www.osmoze.fr\/catalogue\/\"> <span style=\"color: #996633;\"> Notre magazine est gratuit et est \u00e0 votre enti\u00e8re disposition sur demande.<\/span> <\/a><\/p>\n<p>Nous intervenons partout en France et \u00e0 l\u2019international.<\/p>\n<h2>CONTACTS<\/h2>\n<p><a href=\"https:\/\/www.osmoze.fr\/contact\/\"> <span style=\"color: #996633;\"> Nous contactez <\/span><\/a><\/p>\n<p>Retrouvez nos agences commerciale \u00e0 Paris, Lille et Strasbourg<\/p>\n<p>Adresse :<a href=\"https:\/\/www.google.com\/maps\/place\/Osmoze,+Atelier+de+Signal%C3%A9tique+Murale+Artistique\/@48.5447322,7.4933145,15z\/data=!4m2!3m1!1s0x0:0xc96639e4ae4c21df?sa=X&amp;ved=2ahUKEwjtzf3_57_8AhXiTKQEHYKpBQ8Q_BJ6BAhdEAg\" target=\"_blank\" rel=\"noopener\"> <span style=\"color: #996633;\"> 15 rue des Remparts 67120 Molsheim (France) <\/span> <\/a><\/p>\n<p>E-mail : <a href=\"mailto:welcome@osmoze.fr\"> <span style=\"color: #996633;\"> welcome@osmoze.fr <\/span> <\/a><\/p>\n<p>T\u00e9l\u00e9phone: <a href=\"tel:+33369148114\"> <span style=\"color: #996633;\"> 03 69 14 81 14 <\/span> <\/a><\/p>\n\n\n<div style=\"height:110px\" aria-hidden=\"true\" class=\"wp-block-spacer\"><\/div>\n","protected":false},"excerpt":{"rendered":"<p>Informations pratiques sur la r\u00e9novation de la mairie de Valff : Ma\u00eetre d&#8217;ouvrage : Commune de Valff \/ Ma\u00eetre d&#8217;oeuvre : MEZ\u2019O &amp; REN Atelier d\u2019Architecture \/ Superficie totale : ~267\u202fm\u00b2 de locaux r\u00e9nov\u00e9s D\u00c9CORATIONS MURALES \/ SIGNAL\u00c9TIQUE&#8230; <\/p>\n<p><a class=\"readmore\" href=\"https:\/\/www.osmoze.fr\/en\/identite-mairie-de-valff-67\/\">Lire la suite<\/a><\/p>\n","protected":false},"author":4,"featured_media":35159,"comment_status":"closed","ping_status":"open","sticky":false,"template":"","format":"standard","meta":{"footnotes":""},"categories":[650,730,651,652,778,653,728,727,755,1215,654,711,655,669,756],"tags":[977,656,113,794,467,667,657,982,17,980,135,902,658,324,184,968,659,188,973,192,937,979,660,930,970,943,971,978,742,232,975,976,981,661,662,972,663,664,744,780,299,974,745,561,670,801,668],"class_list":["post-25323","post","type-post","status-publish","format-standard","has-post-thumbnail","hentry","category-graphic-support-of-the-project-management-and-project-management","category-decoration-and-signage-on-concrete","category-interior-and-exterior-design-consulting-graphic-and-aesthetic-consulting-wall-decoration-and-signage-for-halls-and-reception-areas","category-wall-decoration-and-signage-for-walls-and-partitions","category-wall-decoration-and-signage-for-meeting-rooms","category-wall-decoration-and-signage-for-glass-and-glass-partitions","category-wall-decoration-and-signage-for-corridors-and-passageways","category-wall-decoration-signage-and-floor-marking","category-lettering-and-signage","category-mairies-communautes-communes","category-interior-and-exterior-signage","category-wall-and-panel-signage","category-sticker-decoration-contemporary-design-large-format","category-artistic-and-contemporary-custom-made-wall-stickers","category-office-and-meeting-room-signs","tag-977","tag-adhesive","tag-architecture-contemporaine","tag-decorative-art","tag-art-mural","tag-osmoze-art-workshop","tag-contemporary-workshop","tag-bet-decoration","tag-blog","tag-bureau-detude","tag-contemporain","tag-couleurs","tag-wall-decoration","tag-design-architecture","tag-design-artistique","tag-design-interieur","tag-wall-design-en","tag-design-mural-contemporain","tag-design-sci-fi","tag-design-sur-mur","tag-fresque-decorative","tag-fresque-hall","tag-wall-fresco","tag-fresque-signaletique","tag-fresque-sticker","tag-fresque-sur-mesure","tag-futuriste","tag-geometrique","tag-large-size","tag-impression","tag-industrie","tag-industriel","tag-moderne","tag-unique-work","tag-osmoze-en","tag-science-fiction","tag-signage","tag-artistic-signage","tag-contemporary-sticker","tag-wall-stickers-en","tag-strasbourg","tag-unsine","tag-vinyl","tag-vinyle-mural-deco","tag-artistic-window-sticker","tag-vitrophanie-office","tag-customised-window-stickers"],"_links":{"self":[{"href":"https:\/\/www.osmoze.fr\/en\/wp-json\/wp\/v2\/posts\/25323","targetHints":{"allow":["GET"]}}],"collection":[{"href":"https:\/\/www.osmoze.fr\/en\/wp-json\/wp\/v2\/posts"}],"about":[{"href":"https:\/\/www.osmoze.fr\/en\/wp-json\/wp\/v2\/types\/post"}],"author":[{"embeddable":true,"href":"https:\/\/www.osmoze.fr\/en\/wp-json\/wp\/v2\/users\/4"}],"replies":[{"embeddable":true,"href":"https:\/\/www.osmoze.fr\/en\/wp-json\/wp\/v2\/comments?post=25323"}],"version-history":[{"count":9,"href":"https:\/\/www.osmoze.fr\/en\/wp-json\/wp\/v2\/posts\/25323\/revisions"}],"predecessor-version":[{"id":36490,"href":"https:\/\/www.osmoze.fr\/en\/wp-json\/wp\/v2\/posts\/25323\/revisions\/36490"}],"wp:featuredmedia":[{"embeddable":true,"href":"https:\/\/www.osmoze.fr\/en\/wp-json\/wp\/v2\/media\/35159"}],"wp:attachment":[{"href":"https:\/\/www.osmoze.fr\/en\/wp-json\/wp\/v2\/media?parent=25323"}],"wp:term":[{"taxonomy":"category","embeddable":true,"href":"https:\/\/www.osmoze.fr\/en\/wp-json\/wp\/v2\/categories?post=25323"},{"taxonomy":"post_tag","embeddable":true,"href":"https:\/\/www.osmoze.fr\/en\/wp-json\/wp\/v2\/tags?post=25323"}],"curies":[{"name":"wp","href":"https:\/\/api.w.org\/{rel}","templated":true}]}}