{"id":6383,"date":"2016-05-05T14:24:50","date_gmt":"2016-05-05T13:24:50","guid":{"rendered":"https:\/\/www.osmoze.fr\/?p=6383"},"modified":"2026-01-15T13:56:50","modified_gmt":"2026-01-15T12:56:50","slug":"design-mural-parking-beton-centre-commercial-54","status":"publish","type":"post","link":"https:\/\/www.osmoze.fr\/en\/design-mural-parking-beton-centre-commercial-54\/","title":{"rendered":"Design mural sur b\u00e9ton : Osmoze habille les parkings souterrains de la Galerie Commerciale Mont Saint Martin (54)"},"content":{"rendered":"\n<div style=\"height:60px\" aria-hidden=\"true\" class=\"wp-block-spacer\"><\/div>\n\n\n\n<h3 class=\"wp-block-heading\">Informations sur le centre commercial : Ma\u00eetre d&#8217;ouvrage : <strong><em>Immochan \/ Groupe Auchan<\/em><\/strong>  \/  Ma\u00eetre d&#8217;oeuvre : <strong><em><a href=\"https:\/\/www.vddt.com\/\" target=\"_blank\" rel=\"noopener\">VDDT Architectes<\/a><\/em><\/strong>  \/  Superficie : <strong>~ 20 592 m\u00b2<\/strong> de surface commerciale marchande<\/h3>\n\n\n\n<div style=\"height:60px\" aria-hidden=\"true\" class=\"wp-block-spacer\"><\/div>\n\n\n<p>Dans la droite lign\u00e9e de nos d\u00e9corations pour l&#8217;un des plus grands centres commerciaux de France, nous avons habill\u00e9 les ascenseurs et surtout les parkings b\u00e9ton souterrains.<\/p>\n<p>Avec nos peintures r\u00e9sines, nous avons sublim\u00e9 le b\u00e9ton tout en dirigeant les usagers vers les entr\u00e9es principales de la galerie commerciale. Chaque entr\u00e9e porte le nom d&#8217;une grande ville : Li\u00e8ge, Rome, Lisbonne&#8230;\u00a0<\/p>\n<p>Le sens de circulation des personnages repr\u00e9sent\u00e9 dans les fresques permet de s&#8217;orienter facilement. Entre signal\u00e9tique contemporaine et d\u00e9coration murale&#8230;. la fronti\u00e8re est mince.\u00a0<\/p>\n<p>\u00a0<\/p>\n<div id=\"attachment_6385\" style=\"width: 730px\" class=\"wp-caption alignnone\"><a href=\"https:\/\/www.osmoze.fr\/wp-content\/uploads\/2016\/05\/Ascenseur-decoration-marquage-1.jpg\"><img loading=\"lazy\" decoding=\"async\" aria-describedby=\"caption-attachment-6385\" class=\"size-full wp-image-6385\" src=\"https:\/\/www.osmoze.fr\/wp-content\/uploads\/2016\/05\/Ascenseur-decoration-marquage-1.jpg\" alt=\"D\u00e9coration Vitrophanie &gt; Fa\u00e7ade Ascenseur &gt; Galerie Commerciale Mont Saint Martin\" width=\"720\" height=\"1000\" title=\"\" srcset=\"https:\/\/www.osmoze.fr\/wp-content\/uploads\/2016\/05\/Ascenseur-decoration-marquage-1.jpg 720w, https:\/\/www.osmoze.fr\/wp-content\/uploads\/2016\/05\/Ascenseur-decoration-marquage-1-216x300.jpg 216w\" sizes=\"auto, (max-width: 720px) 100vw, 720px\" \/><\/a><p id=\"caption-attachment-6385\" class=\"wp-caption-text\">D\u00e9coration Vitrophanie &gt; Fa\u00e7ade Ascenseur &gt; Galerie Commerciale Mont Saint Martin<\/p><\/div>\n<div id=\"attachment_6393\" style=\"width: 730px\" class=\"wp-caption alignnone\"><a href=\"https:\/\/www.osmoze.fr\/wp-content\/uploads\/2016\/05\/fresque-decoration-parking-vegetal2.jpg\"><img loading=\"lazy\" decoding=\"async\" aria-describedby=\"caption-attachment-6393\" class=\"size-full wp-image-6393\" src=\"https:\/\/www.osmoze.fr\/wp-content\/uploads\/2016\/05\/fresque-decoration-parking-vegetal2.jpg\" alt=\"Fresque D\u00e9cor Parking &gt; Fa\u00e7ade B\u00e9ton &gt; Galerie Commerciale Mont Saint Martin\" width=\"720\" height=\"1000\" title=\"\" srcset=\"https:\/\/www.osmoze.fr\/wp-content\/uploads\/2016\/05\/fresque-decoration-parking-vegetal2.jpg 720w, https:\/\/www.osmoze.fr\/wp-content\/uploads\/2016\/05\/fresque-decoration-parking-vegetal2-216x300.jpg 216w\" sizes=\"auto, (max-width: 720px) 100vw, 720px\" \/><\/a><p id=\"caption-attachment-6393\" class=\"wp-caption-text\">Fresque D\u00e9cor Parking &gt; Fa\u00e7ade B\u00e9ton &gt; Galerie Commerciale Mont Saint Martin<\/p><\/div>\n<div id=\"attachment_6392\" style=\"width: 730px\" class=\"wp-caption alignnone\"><a href=\"https:\/\/www.osmoze.fr\/wp-content\/uploads\/2016\/05\/fresque-decoration-parking-vegetal.jpg\"><img loading=\"lazy\" decoding=\"async\" aria-describedby=\"caption-attachment-6392\" class=\"size-full wp-image-6392\" src=\"https:\/\/www.osmoze.fr\/wp-content\/uploads\/2016\/05\/fresque-decoration-parking-vegetal.jpg\" alt=\"Fresque D\u00e9cor Parking &gt; Fa\u00e7ade B\u00e9ton &gt; Galerie Commerciale Mont Saint Martin\" width=\"720\" height=\"1000\" title=\"\" srcset=\"https:\/\/www.osmoze.fr\/wp-content\/uploads\/2016\/05\/fresque-decoration-parking-vegetal.jpg 720w, https:\/\/www.osmoze.fr\/wp-content\/uploads\/2016\/05\/fresque-decoration-parking-vegetal-216x300.jpg 216w\" sizes=\"auto, (max-width: 720px) 100vw, 720px\" \/><\/a><p id=\"caption-attachment-6392\" class=\"wp-caption-text\">Fresque D\u00e9cor Parking &gt; Fa\u00e7ade B\u00e9ton &gt; Galerie Commerciale Mont Saint Martin<\/p><\/div>\n<div id=\"attachment_6387\" style=\"width: 730px\" class=\"wp-caption alignnone\"><a href=\"https:\/\/www.osmoze.fr\/wp-content\/uploads\/2016\/05\/decoration-parking-couleur-fleche-signaletique2.jpg\"><img loading=\"lazy\" decoding=\"async\" aria-describedby=\"caption-attachment-6387\" class=\"size-full wp-image-6387\" src=\"https:\/\/www.osmoze.fr\/wp-content\/uploads\/2016\/05\/decoration-parking-couleur-fleche-signaletique2.jpg\" alt=\"D\u00e9coration Parking &gt; Fa\u00e7ade B\u00e9ton &gt; Galerie Commerciale Mont Saint Martin\" width=\"720\" height=\"480\" title=\"\" srcset=\"https:\/\/www.osmoze.fr\/wp-content\/uploads\/2016\/05\/decoration-parking-couleur-fleche-signaletique2.jpg 720w, https:\/\/www.osmoze.fr\/wp-content\/uploads\/2016\/05\/decoration-parking-couleur-fleche-signaletique2-300x200.jpg 300w, https:\/\/www.osmoze.fr\/wp-content\/uploads\/2016\/05\/decoration-parking-couleur-fleche-signaletique2-275x184.jpg 275w\" sizes=\"auto, (max-width: 720px) 100vw, 720px\" \/><\/a><p id=\"caption-attachment-6387\" class=\"wp-caption-text\">D\u00e9coration Parking &gt; Fa\u00e7ade B\u00e9ton &gt; Galerie Commerciale Mont Saint Martin<\/p><\/div>\n<div id=\"attachment_6386\" style=\"width: 730px\" class=\"wp-caption alignnone\"><a href=\"https:\/\/www.osmoze.fr\/wp-content\/uploads\/2016\/05\/decoration-parking-couleur-fleche-signaletique.jpg\"><img loading=\"lazy\" decoding=\"async\" aria-describedby=\"caption-attachment-6386\" class=\"size-full wp-image-6386\" src=\"https:\/\/www.osmoze.fr\/wp-content\/uploads\/2016\/05\/decoration-parking-couleur-fleche-signaletique.jpg\" alt=\"D\u00e9coration Parking &gt; Fa\u00e7ade B\u00e9ton &gt; Galerie Commerciale Mont Saint Martin\" width=\"720\" height=\"480\" title=\"\" srcset=\"https:\/\/www.osmoze.fr\/wp-content\/uploads\/2016\/05\/decoration-parking-couleur-fleche-signaletique.jpg 720w, https:\/\/www.osmoze.fr\/wp-content\/uploads\/2016\/05\/decoration-parking-couleur-fleche-signaletique-300x200.jpg 300w, https:\/\/www.osmoze.fr\/wp-content\/uploads\/2016\/05\/decoration-parking-couleur-fleche-signaletique-275x184.jpg 275w\" sizes=\"auto, (max-width: 720px) 100vw, 720px\" \/><\/a><p id=\"caption-attachment-6386\" class=\"wp-caption-text\">D\u00e9coration Parking &gt; Fa\u00e7ade B\u00e9ton &gt; Galerie Commerciale Mont Saint Martin<\/p><\/div>\n<div id=\"attachment_6391\" style=\"width: 730px\" class=\"wp-caption alignnone\"><a href=\"https:\/\/www.osmoze.fr\/wp-content\/uploads\/2016\/05\/decoration-parking-couleur-fleche-signaletique6.jpg\"><img loading=\"lazy\" decoding=\"async\" aria-describedby=\"caption-attachment-6391\" class=\"size-full wp-image-6391\" src=\"https:\/\/www.osmoze.fr\/wp-content\/uploads\/2016\/05\/decoration-parking-couleur-fleche-signaletique6.jpg\" alt=\"Signal\u00e9tique Parking &gt; Fa\u00e7ade B\u00e9ton &gt; Galerie Commerciale Mont Saint Martin\" width=\"720\" height=\"480\" title=\"\" srcset=\"https:\/\/www.osmoze.fr\/wp-content\/uploads\/2016\/05\/decoration-parking-couleur-fleche-signaletique6.jpg 720w, https:\/\/www.osmoze.fr\/wp-content\/uploads\/2016\/05\/decoration-parking-couleur-fleche-signaletique6-300x200.jpg 300w, https:\/\/www.osmoze.fr\/wp-content\/uploads\/2016\/05\/decoration-parking-couleur-fleche-signaletique6-275x184.jpg 275w\" sizes=\"auto, (max-width: 720px) 100vw, 720px\" \/><\/a><p id=\"caption-attachment-6391\" class=\"wp-caption-text\">Signal\u00e9tique Parking &gt; Fa\u00e7ade B\u00e9ton &gt; Galerie Commerciale Mont Saint Martin<\/p><\/div>\n<div id=\"attachment_6388\" style=\"width: 730px\" class=\"wp-caption alignnone\"><a href=\"https:\/\/www.osmoze.fr\/wp-content\/uploads\/2016\/05\/decoration-parking-couleur-fleche-signaletique3.jpg\"><img loading=\"lazy\" decoding=\"async\" aria-describedby=\"caption-attachment-6388\" class=\"size-full wp-image-6388\" src=\"https:\/\/www.osmoze.fr\/wp-content\/uploads\/2016\/05\/decoration-parking-couleur-fleche-signaletique3.jpg\" alt=\"Signal\u00e9tique Parking &gt; Fa\u00e7ade B\u00e9ton &gt; Galerie Commerciale Mont Saint Martin\" width=\"720\" height=\"480\" title=\"\" srcset=\"https:\/\/www.osmoze.fr\/wp-content\/uploads\/2016\/05\/decoration-parking-couleur-fleche-signaletique3.jpg 720w, https:\/\/www.osmoze.fr\/wp-content\/uploads\/2016\/05\/decoration-parking-couleur-fleche-signaletique3-300x200.jpg 300w, https:\/\/www.osmoze.fr\/wp-content\/uploads\/2016\/05\/decoration-parking-couleur-fleche-signaletique3-275x184.jpg 275w\" sizes=\"auto, (max-width: 720px) 100vw, 720px\" \/><\/a><p id=\"caption-attachment-6388\" class=\"wp-caption-text\">Signal\u00e9tique Parking &gt; Fa\u00e7ade B\u00e9ton &gt; Galerie Commerciale Mont Saint Martin<\/p><\/div>\n<div id=\"attachment_6389\" style=\"width: 730px\" class=\"wp-caption alignnone\"><a href=\"https:\/\/www.osmoze.fr\/wp-content\/uploads\/2016\/05\/decoration-parking-couleur-fleche-signaletique4.jpg\"><img loading=\"lazy\" decoding=\"async\" aria-describedby=\"caption-attachment-6389\" class=\"size-full wp-image-6389\" src=\"https:\/\/www.osmoze.fr\/wp-content\/uploads\/2016\/05\/decoration-parking-couleur-fleche-signaletique4.jpg\" alt=\"Signal\u00e9tique Parking &gt; Fa\u00e7ade B\u00e9ton &gt; Galerie Commerciale Mont Saint Martin\" width=\"720\" height=\"480\" title=\"\" srcset=\"https:\/\/www.osmoze.fr\/wp-content\/uploads\/2016\/05\/decoration-parking-couleur-fleche-signaletique4.jpg 720w, https:\/\/www.osmoze.fr\/wp-content\/uploads\/2016\/05\/decoration-parking-couleur-fleche-signaletique4-300x200.jpg 300w, https:\/\/www.osmoze.fr\/wp-content\/uploads\/2016\/05\/decoration-parking-couleur-fleche-signaletique4-275x184.jpg 275w\" sizes=\"auto, (max-width: 720px) 100vw, 720px\" \/><\/a><p id=\"caption-attachment-6389\" class=\"wp-caption-text\">Signal\u00e9tique Parking &gt; Fa\u00e7ade B\u00e9ton &gt; Galerie Commerciale Mont Saint Martin<\/p><\/div>\n<div id=\"attachment_6390\" style=\"width: 730px\" class=\"wp-caption alignnone\"><a href=\"https:\/\/www.osmoze.fr\/wp-content\/uploads\/2016\/05\/decoration-parking-couleur-fleche-signaletique5.jpg\"><img loading=\"lazy\" decoding=\"async\" aria-describedby=\"caption-attachment-6390\" class=\"size-full wp-image-6390\" src=\"https:\/\/www.osmoze.fr\/wp-content\/uploads\/2016\/05\/decoration-parking-couleur-fleche-signaletique5.jpg\" alt=\"Signal\u00e9tique Parking &gt; Fa\u00e7ade B\u00e9ton &gt; Galerie Commerciale Mont Saint Martin\" width=\"720\" height=\"1000\" title=\"\" srcset=\"https:\/\/www.osmoze.fr\/wp-content\/uploads\/2016\/05\/decoration-parking-couleur-fleche-signaletique5.jpg 720w, https:\/\/www.osmoze.fr\/wp-content\/uploads\/2016\/05\/decoration-parking-couleur-fleche-signaletique5-216x300.jpg 216w\" sizes=\"auto, (max-width: 720px) 100vw, 720px\" \/><\/a><p id=\"caption-attachment-6390\" class=\"wp-caption-text\">Signal\u00e9tique Parking &gt; Fa\u00e7ade B\u00e9ton &gt; Galerie Commerciale Mont Saint Martin<\/p><\/div>\n<p>\u2014\u2014\u2013<\/p>\n<p>Pour tout projet ou avant-projet, nous restons \u00e0 votre \u00e9coute pour une \u00e9tude. Architecte, d\u00e9corateur, ma\u00eetre d\u2019ouvrage.<\/p>\n<div id=\"post-2272\">\n<div id=\"post-2259\">\n<h2><strong><a href=\"https:\/\/www.osmoze.fr\/contact\">Notre magazine d\u00e9co est gratuit et est \u00e0 votre enti\u00e8re disposition sur demande. Cliquez ici.<\/a><\/strong><\/h2>\n<p>Nous intervenons partout en France et \u00e0 l\u2019international.<\/p>\n<p><strong>\/\/Atelier d\u2019Art Mural Osmoze \/\/<\/strong><\/p>\n<p>D\u00e9cor et D\u00e9coration murale<\/p>\n<p>Peinture du B\u00e9ton<\/p>\n<p>Oeuvre et fresque murale<\/p>\n<p>Signal\u00e9tique contemporaine<\/p>\n<p>Signal\u00e9tique 3D<\/p>\n<p>Signal\u00e9tique olfactive<\/p>\n<p>\/\/<\/p>\n<p><strong>NOUVEAU<\/strong><\/p>\n<p>Agence commerciale de Paris, Lille et Strasbourg :<br \/>15 rue des Remparts 67120 Molsheim (France)<br \/>Agence commerciale de Lyon :<br \/>7 rue Imbert Colom\u00e8s 69001 Lyon (France)<\/p>\n<p>Service commercial +33 (0)3 69 14 81 14<br \/>Courriel : welcome@osmoze.fr<\/p>\n<p><a href=\"https:\/\/www.osmoze.fr\/\">https:\/\/www.osmoze.fr<\/a><\/p>\n<\/div>\n<\/div>","protected":false},"excerpt":{"rendered":"<p>Informations sur le centre commercial : Ma\u00eetre d&#8217;ouvrage : Immochan \/ Groupe Auchan \/ Ma\u00eetre d&#8217;oeuvre : VDDT Architectes \/ Superficie : ~ 20 592 m\u00b2 de surface commerciale marchande Dans la droite lign\u00e9e de nos d\u00e9corations pour&#8230; <\/p>\n<p><a class=\"readmore\" href=\"https:\/\/www.osmoze.fr\/en\/design-mural-parking-beton-centre-commercial-54\/\">Lire la suite<\/a><\/p>\n","protected":false},"author":4,"featured_media":35511,"comment_status":"open","ping_status":"open","sticky":false,"template":"","format":"standard","meta":{"footnotes":""},"categories":[1203,730,88,1204,711],"tags":[408,412,407,660,406,411,409,410],"class_list":["post-6383","post","type-post","status-publish","format-standard","has-post-thumbnail","hentry","category-bureaux-sieges-sociaux","category-decoration-and-signage-on-concrete","category-decoration-murale-signaletique-centre-commercial","category-espaces-industriels-techniques","category-wall-and-panel-signage","tag-decor-galerie-commerciale","tag-decoration-ascenseur","tag-decoration-de-parking","tag-wall-fresco","tag-marquage-beton","tag-oeuvre-beton","tag-peinture-resine-parking","tag-signaletique-beton"],"_links":{"self":[{"href":"https:\/\/www.osmoze.fr\/en\/wp-json\/wp\/v2\/posts\/6383","targetHints":{"allow":["GET"]}}],"collection":[{"href":"https:\/\/www.osmoze.fr\/en\/wp-json\/wp\/v2\/posts"}],"about":[{"href":"https:\/\/www.osmoze.fr\/en\/wp-json\/wp\/v2\/types\/post"}],"author":[{"embeddable":true,"href":"https:\/\/www.osmoze.fr\/en\/wp-json\/wp\/v2\/users\/4"}],"replies":[{"embeddable":true,"href":"https:\/\/www.osmoze.fr\/en\/wp-json\/wp\/v2\/comments?post=6383"}],"version-history":[{"count":4,"href":"https:\/\/www.osmoze.fr\/en\/wp-json\/wp\/v2\/posts\/6383\/revisions"}],"predecessor-version":[{"id":35520,"href":"https:\/\/www.osmoze.fr\/en\/wp-json\/wp\/v2\/posts\/6383\/revisions\/35520"}],"wp:featuredmedia":[{"embeddable":true,"href":"https:\/\/www.osmoze.fr\/en\/wp-json\/wp\/v2\/media\/35511"}],"wp:attachment":[{"href":"https:\/\/www.osmoze.fr\/en\/wp-json\/wp\/v2\/media?parent=6383"}],"wp:term":[{"taxonomy":"category","embeddable":true,"href":"https:\/\/www.osmoze.fr\/en\/wp-json\/wp\/v2\/categories?post=6383"},{"taxonomy":"post_tag","embeddable":true,"href":"https:\/\/www.osmoze.fr\/en\/wp-json\/wp\/v2\/tags?post=6383"}],"curies":[{"name":"wp","href":"https:\/\/api.w.org\/{rel}","templated":true}]}}